{"id":16683,"date":"2024-03-28T20:18:51","date_gmt":"2024-03-28T23:18:51","guid":{"rendered":"https:\/\/inicie.digital\/start-capacita-a-los-gerentes-del-pentagon-college-en-analisis-de-datos\/"},"modified":"2024-03-28T20:18:51","modified_gmt":"2024-03-28T23:18:51","slug":"start-capacita-a-los-gerentes-del-pentagon-college-en-analisis-de-datos","status":"publish","type":"post","link":"https:\/\/inicie.digital\/es\/start-capacita-a-los-gerentes-del-pentagon-college-en-analisis-de-datos\/","title":{"rendered":"Start capacita a los gerentes del Pentagon College en an\u00e1lisis de datos"},"content":{"rendered":"\n<h3 class=\"wp-block-heading\">La larga colaboraci\u00f3n es un reflejo del \u00e9xito de la formaci\u00f3n en la instituci\u00f3n<\/h3>\n\n\n\n<p style=\"padding-top:var(--wp--preset--spacing--10);padding-bottom:var(--wp--preset--spacing--10)\">El Colegio Pent\u00e1gono, referencia en educaci\u00f3n e innovaci\u00f3n, abri\u00f3 las puertas a otro taller de Inicie, centrado en el an\u00e1lisis de datos, dirigido a los gestores pedag\u00f3gicos de la instituci\u00f3n. En todas sus unidades, la escuela se ha comprometido a promover la cultura de la toma de decisiones basada en datos, bajo el liderazgo del \u00e1rea de Innovaci\u00f3n, con el objetivo de mejorar constantemente sus procesos educativos.<\/p>\n\n\n\n<p style=\"padding-top:var(--wp--preset--spacing--10);padding-bottom:var(--wp--preset--spacing--10)\">Desde 2023, hemos estado trabajando en asociaci\u00f3n para analizar algunos indicadores escolares; el proyecto involucr\u00f3 a nuestro coordinador de An\u00e1lisis de Datos, Marciel Rocha, al subdirector de Innovaci\u00f3n, Bruno \u00c1lvarez, y al coordinador Diego Silva, ambos del Pent\u00e1gono. A ra\u00edz de esta iniciativa, identificamos la necesidad de volver a una herramienta esencial para trabajar con datos, Google Sheets. As\u00ed, el d\u00eda 5 del mes pasado, nuestro coordinador Marciel se reuni\u00f3 con los responsables pedag\u00f3gicos de las tres unidades para una inmersi\u00f3n en esta poderosa herramienta, pero que puede asustar a primera vista.<\/p>\n\n\n\n<p style=\"padding-top:var(--wp--preset--spacing--10);padding-bottom:var(--wp--preset--spacing--10)\">\u00abCuando comenz\u00f3 el curso, me imaginaba que \u00edbamos a dedicar mucho tiempo a lo b\u00e1sico, pero el profesor supo aprovechar el tiempo y servir desde los que son principiantes en las hojas de c\u00e1lculo para presentar nuevas herramientas a los que ya ten\u00edan algunos conocimientos b\u00e1sicos\u00bb, coment\u00f3 una de las responsables del \u00e1rea de Ciencias Naturales, Andreza Silva, quien tambi\u00e9n sugiri\u00f3 la realizaci\u00f3n de otros m\u00f3dulos.  con el fin de desarrollar a\u00fan m\u00e1s las habilidades del equipo directivo de la instituci\u00f3n.<\/p>\n\n\n\n<p style=\"padding-top:var(--wp--preset--spacing--10);padding-bottom:var(--wp--preset--spacing--10)\">Para Andreza, el curso fue s\u00faper importante para la formaci\u00f3n de directivos. Tambi\u00e9n destac\u00f3 el cuidado de nuestros coordinadores en atender las necesidades espec\u00edficas del grupo: \u00abLos ejemplos presentados mostraron el uso del material que enviamos con anticipaci\u00f3n, destacando el cuidado que tuvo la docente en presentar los conceptos que realmente ser\u00e1n \u00fatiles para nuestro trabajo\u00bb, concluy\u00f3.<\/p>\n\n\n\n<p style=\"padding-top:var(--wp--preset--spacing--10);padding-bottom:var(--wp--preset--spacing--10)\">El \u00e9xito de nuestra asociaci\u00f3n con el Pentagon College no hace m\u00e1s que reforzar nuestro compromiso de promover la formaci\u00f3n continua de educadores, estudiantes y gestores de la instituci\u00f3n, siempre con el objetivo de satisfacer las necesidades espec\u00edficas de la red, con sus particularidades, y dialogar con ellos para construir algo a medida, tambi\u00e9n de acuerdo con sus deseos, sue\u00f1os y objetivos.<\/p>\n","protected":false},"excerpt":{"rendered":"<p>El Colegio Pent\u00e1gono, referencia en educaci\u00f3n e innovaci\u00f3n, abri\u00f3 las puertas a otro taller de Inicie, centrado en el an\u00e1lisis de datos, dirigido a los gestores pedag\u00f3gicos de la instituci\u00f3n. En todas sus unidades, la escuela se ha comprometido a promover la cultura de la toma de decisiones basada en datos, bajo el liderazgo del \u00e1rea de Innovaci\u00f3n, con el objetivo de mejorar constantemente sus procesos educativos.<\/p>\n","protected":false},"author":2,"featured_media":16391,"comment_status":"open","ping_status":"open","sticky":false,"template":"","format":"standard","meta":{"_monsterinsights_skip_tracking":false,"_monsterinsights_sitenote_active":false,"_monsterinsights_sitenote_note":"","_monsterinsights_sitenote_category":0,"footnotes":""},"categories":[37],"tags":[],"class_list":["post-16683","post","type-post","status-publish","format-standard","has-post-thumbnail","hentry","category-blog-es"],"_links":{"self":[{"href":"https:\/\/inicie.digital\/es\/wp-json\/wp\/v2\/posts\/16683","targetHints":{"allow":["GET"]}}],"collection":[{"href":"https:\/\/inicie.digital\/es\/wp-json\/wp\/v2\/posts"}],"about":[{"href":"https:\/\/inicie.digital\/es\/wp-json\/wp\/v2\/types\/post"}],"author":[{"embeddable":true,"href":"https:\/\/inicie.digital\/es\/wp-json\/wp\/v2\/users\/2"}],"replies":[{"embeddable":true,"href":"https:\/\/inicie.digital\/es\/wp-json\/wp\/v2\/comments?post=16683"}],"version-history":[{"count":0,"href":"https:\/\/inicie.digital\/es\/wp-json\/wp\/v2\/posts\/16683\/revisions"}],"wp:featuredmedia":[{"embeddable":true,"href":"https:\/\/inicie.digital\/es\/wp-json\/wp\/v2\/media\/16391"}],"wp:attachment":[{"href":"https:\/\/inicie.digital\/es\/wp-json\/wp\/v2\/media?parent=16683"}],"wp:term":[{"taxonomy":"category","embeddable":true,"href":"https:\/\/inicie.digital\/es\/wp-json\/wp\/v2\/categories?post=16683"},{"taxonomy":"post_tag","embeddable":true,"href":"https:\/\/inicie.digital\/es\/wp-json\/wp\/v2\/tags?post=16683"}],"curies":[{"name":"wp","href":"https:\/\/api.w.org\/{rel}","templated":true}]}}