{"id":16564,"date":"2017-12-04T00:00:00","date_gmt":"2017-12-04T03:00:00","guid":{"rendered":"https:\/\/inicie.digital\/google-for-education-firma-una-asociacion-con-el-liceu-jardim\/"},"modified":"2017-12-04T00:00:00","modified_gmt":"2017-12-04T03:00:00","slug":"google-for-education-firma-una-asociacion-con-el-liceu-jardim","status":"publish","type":"post","link":"https:\/\/inicie.digital\/es\/google-for-education-firma-una-asociacion-con-el-liceu-jardim\/","title":{"rendered":"Google for Education firma una asociaci\u00f3n con el Liceu Jardim"},"content":{"rendered":"<p>Con tecnolog\u00eda de \u00faltima generaci\u00f3n, los profesores y alumnos del Liceu Jardim podr\u00e1n acceder a proyectos educativos de alto impacto gracias a una asociaci\u00f3n con Google for Education la semana pasada. La plataforma fue desarrollada por Google especialmente para estudiantes y profesores. La escuela es la primera de ABC Paulista asociada al gigante mundial.<\/p>\n<p>&nbsp;<\/p>\n<p>Seg\u00fan el Director del Liceu Jardim, el Dr. Daniel Contro, la escuela es ahora una Escuela Google for Education, con derecho a aprovechar todo el complejo tecnol\u00f3gico avanzado, beneficiando a los estudiantes, profesores y a la comunidad. El paquete incluye aplicaciones de comunicaci\u00f3n, almacenamiento de archivos, documentos en la nube, videoconferencia y copias de seguridad, promoviendo la innovaci\u00f3n, la movilidad, una mayor productividad y el intercambio en el entorno escolar.<\/p>\n<p>&nbsp;<\/p>\n<div id=\"ad-video-inread--wrapper\">\n<div id=\"ad-video-inread\" class=\"ad-video-inread\">  Los alumnos utilizar\u00e1n herramientas digitales como el correo electr\u00f3nico: se incluir\u00e1n en una clase virtual en la que podr\u00e1n compartir informaci\u00f3n con la clase y el profesor. A trav\u00e9s de la plataforma Google Classroom, profesores y alumnos interactuar\u00e1n de forma colaborativa con contenidos relevantes.<\/div>\n<div><\/div>\n<\/div>\n<p>La asociaci\u00f3n fue organizada por Nuvem Mestra, el principal socio de Google para la Educaci\u00f3n en Brasil. Seg\u00fan Mestra, la plataforma colaborativa cuenta con herramientas que facilitan la comunicaci\u00f3n, la gesti\u00f3n del tiempo, la organizaci\u00f3n y repercuten en la productividad de los alumnos, profesores y personal de la instituci\u00f3n.<\/p>\n<footer class=\"entry-footer\"><\/footer>\n","protected":false},"excerpt":{"rendered":"<p>Con tecnolog\u00eda de \u00faltima generaci\u00f3n, los profesores y alumnos del Liceu Jardim podr\u00e1n acceder a proyectos educativos de alto impacto gracias a una asociaci\u00f3n con Google for Education la semana pasada. La plataforma fue desarrollada por Google especialmente para estudiantes y profesores. La escuela es la primera de ABC Paulista asociada al gigante mundial. &nbsp; [&hellip;]<\/p>\n","protected":false},"author":2,"featured_media":16565,"comment_status":"closed","ping_status":"closed","sticky":false,"template":"","format":"standard","meta":{"_monsterinsights_skip_tracking":false,"_monsterinsights_sitenote_active":false,"_monsterinsights_sitenote_note":"","_monsterinsights_sitenote_category":0,"footnotes":""},"categories":[37],"tags":[],"class_list":["post-16564","post","type-post","status-publish","format-standard","has-post-thumbnail","hentry","category-blog-es"],"_links":{"self":[{"href":"https:\/\/inicie.digital\/es\/wp-json\/wp\/v2\/posts\/16564","targetHints":{"allow":["GET"]}}],"collection":[{"href":"https:\/\/inicie.digital\/es\/wp-json\/wp\/v2\/posts"}],"about":[{"href":"https:\/\/inicie.digital\/es\/wp-json\/wp\/v2\/types\/post"}],"author":[{"embeddable":true,"href":"https:\/\/inicie.digital\/es\/wp-json\/wp\/v2\/users\/2"}],"replies":[{"embeddable":true,"href":"https:\/\/inicie.digital\/es\/wp-json\/wp\/v2\/comments?post=16564"}],"version-history":[{"count":0,"href":"https:\/\/inicie.digital\/es\/wp-json\/wp\/v2\/posts\/16564\/revisions"}],"wp:featuredmedia":[{"embeddable":true,"href":"https:\/\/inicie.digital\/es\/wp-json\/wp\/v2\/media\/16565"}],"wp:attachment":[{"href":"https:\/\/inicie.digital\/es\/wp-json\/wp\/v2\/media?parent=16564"}],"wp:term":[{"taxonomy":"category","embeddable":true,"href":"https:\/\/inicie.digital\/es\/wp-json\/wp\/v2\/categories?post=16564"},{"taxonomy":"post_tag","embeddable":true,"href":"https:\/\/inicie.digital\/es\/wp-json\/wp\/v2\/tags?post=16564"}],"curies":[{"name":"wp","href":"https:\/\/api.w.org\/{rel}","templated":true}]}}